{"id":971,"date":"2013-07-12T11:59:41","date_gmt":"2013-07-12T16:59:41","guid":{"rendered":"https:\/\/jorgechanis.com\/elbuendiente\/?p=971"},"modified":"2013-07-18T09:55:35","modified_gmt":"2013-07-18T14:55:35","slug":"jose-erasmo-lopez","status":"publish","type":"post","link":"https:\/\/jorgechanis.com\/elbuendiente\/jose-erasmo-lopez\/","title":{"rendered":"JOSE ERASMO LOPEZ"},"content":{"rendered":"<p>Hoy que escribo en mi columna semanal de revista Mujer del Panam\u00e1 Am\u00e9rica sobre el restaurante del hotel Las Clementinas en el Casco Viejo de Panam\u00e1, les quiero presentar de frente a uno de los protagonistas y responsables de todos esos platos que les describ\u00ed en mi columna.<\/p>\n<p>Como digo en el art\u00edculo, lo conoc\u00ed cuando estuve patrocinando y colaborando con la primera versi\u00f3n del Hard Rock Chef del Hard Rock Caf\u00e9 que se realiz\u00f3 en el Hard Rock Hotel. Luego de varias rondas bajo el cron\u00f3metro, \u00e9ste fue el ganador de esa noche y logr\u00f3 que su hamburguesa entrara en el men\u00fa internacional de la cadena.<\/p>\n<p><a href=\"https:\/\/jorgechanis.com\/elbuendiente\/wp-content\/uploads\/sites\/2\/2013\/07\/IMG_7161.jpg\"><img loading=\"lazy\" decoding=\"async\" class=\"aligncenter size-large wp-image-972\" title=\"IMG_7161\" src=\"https:\/\/jorgechanis.com\/elbuendiente\/wp-content\/uploads\/sites\/2\/2013\/07\/IMG_7161-1024x768.jpg\" alt=\"\" width=\"580\" height=\"435\" srcset=\"https:\/\/jorgechanis.com\/elbuendiente\/wp-content\/uploads\/sites\/2\/2013\/07\/IMG_7161-1024x768.jpg 1024w, https:\/\/jorgechanis.com\/elbuendiente\/wp-content\/uploads\/sites\/2\/2013\/07\/IMG_7161-300x225.jpg 300w\" sizes=\"auto, (max-width: 580px) 100vw, 580px\" \/><\/a><\/p>\n<p>En pocas l\u00edneas este chef empez\u00f3 en el a\u00f1o 2007 en el restaurante Astrid y Gast\u00f3n. Luego tuvo un tiempo estudiando en Per\u00fa para regresar a la misma cadena y trabajar en el restaurante La Mar. En ese camino de superaci\u00f3n estuvo en la cocina del restaurante Puerta de Tierra y posteriormente de Sake ubicado en Punta Pac\u00edfica.<\/p>\n<p>Hoy d\u00eda lleva como estudiante de cocina en el <a href=\"http:\/\/www.iga-la.com\/Ar2\/local_detalles.php?cod=75\">Instituto Gastron\u00f3mico (IGA)<\/a> de Panam\u00e1 dos a\u00f1os. En esta cocina est\u00e1 bajo el mando del chef Steven Hern\u00e1ndez.<\/p>\n<p>Como siempre les digo, espero que hayan disfrutado del &#8216;detr\u00e1s de c\u00e1maras&#8217; al conocer un poco las manos que preparan lo que te llevas a la boca en cada sentada.<\/p>\n<p>Como un extra, algunos platos que no salieron en el art\u00edculo.<\/p>\n<p><a href=\"https:\/\/jorgechanis.com\/elbuendiente\/wp-content\/uploads\/sites\/2\/2013\/07\/IMG_7167.jpg\"><img loading=\"lazy\" decoding=\"async\" class=\"aligncenter size-large wp-image-980\" title=\"IMG_7167\" src=\"https:\/\/jorgechanis.com\/elbuendiente\/wp-content\/uploads\/sites\/2\/2013\/07\/IMG_7167-1024x768.jpg\" alt=\"\" width=\"580\" height=\"435\" srcset=\"https:\/\/jorgechanis.com\/elbuendiente\/wp-content\/uploads\/sites\/2\/2013\/07\/IMG_7167-1024x768.jpg 1024w, https:\/\/jorgechanis.com\/elbuendiente\/wp-content\/uploads\/sites\/2\/2013\/07\/IMG_7167-300x225.jpg 300w\" sizes=\"auto, (max-width: 580px) 100vw, 580px\" \/><\/a><\/p>\n<p style=\"text-align: center;\">Risotto de remolacha con queso cabra y tomillo. Tiene un toque \u00e1cido que lo lleva a otro nivel<\/p>\n<p><a href=\"https:\/\/jorgechanis.com\/elbuendiente\/wp-content\/uploads\/sites\/2\/2013\/07\/IMG_7163.jpg\"><img loading=\"lazy\" decoding=\"async\" class=\"aligncenter size-large wp-image-981\" title=\"IMG_7163\" src=\"https:\/\/jorgechanis.com\/elbuendiente\/wp-content\/uploads\/sites\/2\/2013\/07\/IMG_7163-1024x768.jpg\" alt=\"\" width=\"580\" height=\"435\" srcset=\"https:\/\/jorgechanis.com\/elbuendiente\/wp-content\/uploads\/sites\/2\/2013\/07\/IMG_7163-1024x768.jpg 1024w, https:\/\/jorgechanis.com\/elbuendiente\/wp-content\/uploads\/sites\/2\/2013\/07\/IMG_7163-300x225.jpg 300w\" sizes=\"auto, (max-width: 580px) 100vw, 580px\" \/><\/a><\/p>\n<p style=\"text-align: center;\">Ceviche de corvina con maracuy\u00e1, estilo peruano<\/p>\n<p><a href=\"https:\/\/jorgechanis.com\/elbuendiente\/wp-content\/uploads\/sites\/2\/2013\/07\/IMG_7166.jpg\"><img loading=\"lazy\" decoding=\"async\" class=\"aligncenter size-large wp-image-982\" title=\"IMG_7166\" src=\"https:\/\/jorgechanis.com\/elbuendiente\/wp-content\/uploads\/sites\/2\/2013\/07\/IMG_7166-1024x768.jpg\" alt=\"\" width=\"580\" height=\"435\" srcset=\"https:\/\/jorgechanis.com\/elbuendiente\/wp-content\/uploads\/sites\/2\/2013\/07\/IMG_7166-1024x768.jpg 1024w, https:\/\/jorgechanis.com\/elbuendiente\/wp-content\/uploads\/sites\/2\/2013\/07\/IMG_7166-300x225.jpg 300w\" sizes=\"auto, (max-width: 580px) 100vw, 580px\" \/><\/a><\/p>\n<p style=\"text-align: center;\">Frituras de camar\u00f3n que son un estilo torrejitas de bacalao. Viene con salsa picante de tamarindo.<\/p>\n<p>\u00a1Que disfruten!<\/p>\n","protected":false},"excerpt":{"rendered":"<p>Hoy que escribo en mi columna semanal de revista Mujer del Panam\u00e1 Am\u00e9rica sobre el restaurante del hotel Las Clementinas en el Casco Viejo de &hellip; <\/p>\n","protected":false},"author":2,"featured_media":0,"comment_status":"open","ping_status":"open","sticky":false,"template":"","format":"standard","meta":{"footnotes":""},"categories":[1],"tags":[],"class_list":["post-971","post","type-post","status-publish","format-standard","hentry","category-random"],"_links":{"self":[{"href":"https:\/\/jorgechanis.com\/elbuendiente\/wp-json\/wp\/v2\/posts\/971","targetHints":{"allow":["GET"]}}],"collection":[{"href":"https:\/\/jorgechanis.com\/elbuendiente\/wp-json\/wp\/v2\/posts"}],"about":[{"href":"https:\/\/jorgechanis.com\/elbuendiente\/wp-json\/wp\/v2\/types\/post"}],"author":[{"embeddable":true,"href":"https:\/\/jorgechanis.com\/elbuendiente\/wp-json\/wp\/v2\/users\/2"}],"replies":[{"embeddable":true,"href":"https:\/\/jorgechanis.com\/elbuendiente\/wp-json\/wp\/v2\/comments?post=971"}],"version-history":[{"count":5,"href":"https:\/\/jorgechanis.com\/elbuendiente\/wp-json\/wp\/v2\/posts\/971\/revisions"}],"predecessor-version":[{"id":974,"href":"https:\/\/jorgechanis.com\/elbuendiente\/wp-json\/wp\/v2\/posts\/971\/revisions\/974"}],"wp:attachment":[{"href":"https:\/\/jorgechanis.com\/elbuendiente\/wp-json\/wp\/v2\/media?parent=971"}],"wp:term":[{"taxonomy":"category","embeddable":true,"href":"https:\/\/jorgechanis.com\/elbuendiente\/wp-json\/wp\/v2\/categories?post=971"},{"taxonomy":"post_tag","embeddable":true,"href":"https:\/\/jorgechanis.com\/elbuendiente\/wp-json\/wp\/v2\/tags?post=971"}],"curies":[{"name":"wp","href":"https:\/\/api.w.org\/{rel}","templated":true}]}}