{"id":712,"date":"2012-12-10T12:39:22","date_gmt":"2012-12-10T17:39:22","guid":{"rendered":"https:\/\/jorgechanis.com\/elbuendiente\/?p=712"},"modified":"2013-10-13T14:39:33","modified_gmt":"2013-10-13T19:39:33","slug":"acompanante-para-la-cena","status":"publish","type":"post","link":"https:\/\/jorgechanis.com\/elbuendiente\/acompanante-para-la-cena\/","title":{"rendered":"ACOMPA\u00d1ANTE PARA LA CENA"},"content":{"rendered":"<p>Llegaron las cenas de navidad que se repiten todas las semanas y por eso empezar\u00e9 a subir algunas recetas que demoran muy poco y que acompa\u00f1an cualquier pavo, jam\u00f3n o puerco que tengamos en la mesa.<\/p>\n<p>Esta que les voy a compartir es una que hice en un trip de playa hace unas semanas para variar un poco el cl\u00e1sico pur\u00e9 de papas.<\/p>\n<p>PAPAS CON ENELDO Y AJO:<\/p>\n<p>Primer paso: limpias las papas y ponerlas en agua con ramitas de eneldo fresco y 2 dientes de ajo partidos por la mitad y aplastados para que salga el aceitito. Lo dejas reposar por media hora o un poco m\u00e1s si tienes el tiempo.<\/p>\n<p>&nbsp;<\/p>\n<p><a href=\"https:\/\/jorgechanis.com\/elbuendiente\/wp-content\/uploads\/sites\/2\/2012\/12\/IMG_3992.jpg\"><img loading=\"lazy\" decoding=\"async\" class=\"aligncenter size-large wp-image-713\" title=\"IMG_3992\" alt=\"\" src=\"https:\/\/jorgechanis.com\/elbuendiente\/wp-content\/uploads\/sites\/2\/2012\/12\/IMG_3992-1024x768.jpg\" width=\"580\" height=\"435\" srcset=\"https:\/\/jorgechanis.com\/elbuendiente\/wp-content\/uploads\/sites\/2\/2012\/12\/IMG_3992-1024x768.jpg 1024w, https:\/\/jorgechanis.com\/elbuendiente\/wp-content\/uploads\/sites\/2\/2012\/12\/IMG_3992-300x225.jpg 300w\" sizes=\"auto, (max-width: 580px) 100vw, 580px\" \/><\/a><\/p>\n<p>Segundo: Las hierves hasta que est\u00e9n como te gustan y autom\u00e1ticamente que las cuelas las tiras en un sart\u00e9n bien caliente con aceite de oliva previamente salteado con un poco de ajo y eneldo bien picado. Ya cuando la c\u00e1scara se est\u00e1 dorando bastante le tiras sal kosher a tu gusto y un poco de pimienta negra fresca.<\/p>\n<p>El eneldo le brinda un olor muy sabroso que contraste con el ajo y acompa\u00f1a cualquier plato.<\/p>\n<p>\u00a1Que disfruten!<\/p>\n","protected":false},"excerpt":{"rendered":"<p>Llegaron las cenas de navidad que se repiten todas las semanas y por eso empezar\u00e9 a subir algunas recetas que demoran muy poco y que &hellip; <\/p>\n","protected":false},"author":2,"featured_media":1255,"comment_status":"open","ping_status":"open","sticky":false,"template":"","format":"standard","meta":{"footnotes":""},"categories":[10],"tags":[],"class_list":["post-712","post","type-post","status-publish","format-standard","has-post-thumbnail","hentry","category-recetario"],"_links":{"self":[{"href":"https:\/\/jorgechanis.com\/elbuendiente\/wp-json\/wp\/v2\/posts\/712","targetHints":{"allow":["GET"]}}],"collection":[{"href":"https:\/\/jorgechanis.com\/elbuendiente\/wp-json\/wp\/v2\/posts"}],"about":[{"href":"https:\/\/jorgechanis.com\/elbuendiente\/wp-json\/wp\/v2\/types\/post"}],"author":[{"embeddable":true,"href":"https:\/\/jorgechanis.com\/elbuendiente\/wp-json\/wp\/v2\/users\/2"}],"replies":[{"embeddable":true,"href":"https:\/\/jorgechanis.com\/elbuendiente\/wp-json\/wp\/v2\/comments?post=712"}],"version-history":[{"count":3,"href":"https:\/\/jorgechanis.com\/elbuendiente\/wp-json\/wp\/v2\/posts\/712\/revisions"}],"predecessor-version":[{"id":1368,"href":"https:\/\/jorgechanis.com\/elbuendiente\/wp-json\/wp\/v2\/posts\/712\/revisions\/1368"}],"wp:featuredmedia":[{"embeddable":true,"href":"https:\/\/jorgechanis.com\/elbuendiente\/wp-json\/wp\/v2\/media\/1255"}],"wp:attachment":[{"href":"https:\/\/jorgechanis.com\/elbuendiente\/wp-json\/wp\/v2\/media?parent=712"}],"wp:term":[{"taxonomy":"category","embeddable":true,"href":"https:\/\/jorgechanis.com\/elbuendiente\/wp-json\/wp\/v2\/categories?post=712"},{"taxonomy":"post_tag","embeddable":true,"href":"https:\/\/jorgechanis.com\/elbuendiente\/wp-json\/wp\/v2\/tags?post=712"}],"curies":[{"name":"wp","href":"https:\/\/api.w.org\/{rel}","templated":true}]}}