{"id":627,"date":"2012-07-24T12:29:10","date_gmt":"2012-07-24T17:29:10","guid":{"rendered":"https:\/\/jorgechanis.com\/elbuendiente\/?p=627"},"modified":"2012-07-24T12:30:46","modified_gmt":"2012-07-24T17:30:46","slug":"cuando-la-cena-de-convierte-en-desayuno","status":"publish","type":"post","link":"https:\/\/jorgechanis.com\/elbuendiente\/cuando-la-cena-de-convierte-en-desayuno\/","title":{"rendered":"CUANDO LA CENA SE CONVIERTE EN DESAYUNO"},"content":{"rendered":"<p>Cuando mi hermano @ivanchb viene de visita a Panam\u00e1 nos pasamos bastante tiempo juntos, y el mayor porcentaje del tiempo estamos comiendo o pensando en comida. Este fue el caso cuando vimos esta receta de Maru de Maggiori de le revista &#8216;Ellas&#8217; de La Prensa y decidimos armar un 2 en 1 y tener para la cena y el desayuno con algunos peque\u00f1os cambios.<\/p>\n<p>Para empezar aqu\u00ed les dejo el video de la receta que es extremadamente sencilla:\u00a0<a href=\"http:\/\/www.youtube.com\/watch?v=_wYO9nBCm8M&amp;feature=relmfu\">http:\/\/www.youtube.com\/watch?v=_wYO9nBCm8M&amp;feature=relmfu<\/a><\/p>\n<p>En la cena la acompa\u00f1amos de una ensalada bien fresca y un buen vino. Ya el d\u00eda siguiente le dimos la media vuelta y nos preparamos esto que ven aqu\u00ed&#8230;.<\/p>\n<p><a href=\"https:\/\/jorgechanis.com\/elbuendiente\/wp-content\/uploads\/sites\/2\/2012\/07\/IMG_1908.jpg\"><img loading=\"lazy\" decoding=\"async\" class=\"aligncenter size-large wp-image-629\" title=\"molde de salm\u00f3n\" src=\"https:\/\/jorgechanis.com\/elbuendiente\/wp-content\/uploads\/sites\/2\/2012\/07\/IMG_1908-1024x768.jpg\" alt=\"\" width=\"580\" height=\"435\" srcset=\"https:\/\/jorgechanis.com\/elbuendiente\/wp-content\/uploads\/sites\/2\/2012\/07\/IMG_1908-1024x768.jpg 1024w, https:\/\/jorgechanis.com\/elbuendiente\/wp-content\/uploads\/sites\/2\/2012\/07\/IMG_1908-300x225.jpg 300w\" sizes=\"auto, (max-width: 580px) 100vw, 580px\" \/><\/a><\/p>\n<p>&nbsp;<\/p>\n<p>La receta dice &#8216;Salm\u00f3n al horno&#8217;, pero nosotros \u00a0la denominamos un &#8216;Pastel\u00f3n de Salm\u00f3n&#8217;. Solo lo recalentamos, lo coronamos con un huevo con yema suave, una peque\u00f1a cantidad de sour cream y un jugo de maracuy\u00e1 bien sabroso.<\/p>\n<p>Cada vez que vean recetas ag\u00e1rrenlas y empiecen a jugar, si no les gusta algo lo cambian y ya. Es buscar siempre inspiraci\u00f3n en tu cocina.<\/p>\n<p>\u00a1Que disfruten!<\/p>\n<p>&nbsp;<\/p>\n","protected":false},"excerpt":{"rendered":"<p>Cuando mi hermano @ivanchb viene de visita a Panam\u00e1 nos pasamos bastante tiempo juntos, y el mayor porcentaje del tiempo estamos comiendo o pensando en &hellip; <\/p>\n","protected":false},"author":2,"featured_media":0,"comment_status":"open","ping_status":"open","sticky":false,"template":"","format":"standard","meta":{"footnotes":""},"categories":[8,1],"tags":[67,69,68,245,244,119,243],"class_list":["post-627","post","type-post","status-publish","format-standard","hentry","category-homemade","category-random","tag-breakfast","tag-brunch","tag-desayuno","tag-desayuno-y-cena","tag-egg","tag-huevo","tag-salmon"],"_links":{"self":[{"href":"https:\/\/jorgechanis.com\/elbuendiente\/wp-json\/wp\/v2\/posts\/627","targetHints":{"allow":["GET"]}}],"collection":[{"href":"https:\/\/jorgechanis.com\/elbuendiente\/wp-json\/wp\/v2\/posts"}],"about":[{"href":"https:\/\/jorgechanis.com\/elbuendiente\/wp-json\/wp\/v2\/types\/post"}],"author":[{"embeddable":true,"href":"https:\/\/jorgechanis.com\/elbuendiente\/wp-json\/wp\/v2\/users\/2"}],"replies":[{"embeddable":true,"href":"https:\/\/jorgechanis.com\/elbuendiente\/wp-json\/wp\/v2\/comments?post=627"}],"version-history":[{"count":4,"href":"https:\/\/jorgechanis.com\/elbuendiente\/wp-json\/wp\/v2\/posts\/627\/revisions"}],"predecessor-version":[{"id":631,"href":"https:\/\/jorgechanis.com\/elbuendiente\/wp-json\/wp\/v2\/posts\/627\/revisions\/631"}],"wp:attachment":[{"href":"https:\/\/jorgechanis.com\/elbuendiente\/wp-json\/wp\/v2\/media?parent=627"}],"wp:term":[{"taxonomy":"category","embeddable":true,"href":"https:\/\/jorgechanis.com\/elbuendiente\/wp-json\/wp\/v2\/categories?post=627"},{"taxonomy":"post_tag","embeddable":true,"href":"https:\/\/jorgechanis.com\/elbuendiente\/wp-json\/wp\/v2\/tags?post=627"}],"curies":[{"name":"wp","href":"https:\/\/api.w.org\/{rel}","templated":true}]}}