{"id":2906,"date":"2018-10-07T08:52:40","date_gmt":"2018-10-07T13:52:40","guid":{"rendered":"https:\/\/jorgechanis.com\/elbuendiente\/?p=2906"},"modified":"2018-10-07T09:19:33","modified_gmt":"2018-10-07T14:19:33","slug":"medellin-es-sabrosura","status":"publish","type":"post","link":"https:\/\/jorgechanis.com\/elbuendiente\/medellin-es-sabrosura\/","title":{"rendered":"MEDELL\u00cdN ES SABROSURA"},"content":{"rendered":"<p>Esta semana en colaboraci\u00f3n con <a href=\"https:\/\/www.prensa.com\/a-la-mesa\/\">A La Mesa\u00a0<\/a>\u00a0de LA PRENSA, escrib\u00ed sobre mi viaje a Medell\u00edn, Colombia.<\/p>\n<p>Invitado por PROCOLOMBIA y el nuevo festival gastron\u00f3mico <a href=\"http:\/\/www.glocalmovement.com\">GLOCAL<\/a>\u00a0que se apoder\u00f3 del hermoso Jard\u00edn Bot\u00e1nico.<\/p>\n<p>Dale <a href=\"https:\/\/impresa.prensa.com\/vivir\/Medellin-sabrosura_0_5139236081.html\">click<\/a> y lee el art\u00edculo completo.<\/p>\n<p><a href=\"https:\/\/jorgechanis.com\/elbuendiente\/medellin-es-sabrosura\/screen-shot-2018-10-07-at-8-49-49-am\/\" rel=\"attachment wp-att-2908\"><img loading=\"lazy\" decoding=\"async\" class=\"aligncenter size-full wp-image-2908\" src=\"https:\/\/jorgechanis.com\/elbuendiente\/wp-content\/uploads\/sites\/2\/2018\/10\/Screen-Shot-2018-10-07-at-8.49.49-AM-e1538920228537.png\" alt=\"\" width=\"700\" height=\"372\" \/><\/a><\/p>\n<p><a href=\"https:\/\/jorgechanis.com\/elbuendiente\/medellin-es-sabrosura\/screen-shot-2018-10-07-at-8-49-33-am\/\" rel=\"attachment wp-att-2909\"><img loading=\"lazy\" decoding=\"async\" class=\"aligncenter size-full wp-image-2909\" src=\"https:\/\/jorgechanis.com\/elbuendiente\/wp-content\/uploads\/sites\/2\/2018\/10\/Screen-Shot-2018-10-07-at-8.49.33-AM.png\" alt=\"\" width=\"1040\" height=\"545\" srcset=\"https:\/\/jorgechanis.com\/elbuendiente\/wp-content\/uploads\/sites\/2\/2018\/10\/Screen-Shot-2018-10-07-at-8.49.33-AM.png 1040w, https:\/\/jorgechanis.com\/elbuendiente\/wp-content\/uploads\/sites\/2\/2018\/10\/Screen-Shot-2018-10-07-at-8.49.33-AM-300x157.png 300w, https:\/\/jorgechanis.com\/elbuendiente\/wp-content\/uploads\/sites\/2\/2018\/10\/Screen-Shot-2018-10-07-at-8.49.33-AM-768x402.png 768w, https:\/\/jorgechanis.com\/elbuendiente\/wp-content\/uploads\/sites\/2\/2018\/10\/Screen-Shot-2018-10-07-at-8.49.33-AM-1024x537.png 1024w, https:\/\/jorgechanis.com\/elbuendiente\/wp-content\/uploads\/sites\/2\/2018\/10\/Screen-Shot-2018-10-07-at-8.49.33-AM-1000x524.png 1000w\" sizes=\"auto, (max-width: 1040px) 100vw, 1040px\" \/><\/a><\/p>\n<p>\u00a1Que disfruten!<\/p>\n","protected":false},"excerpt":{"rendered":"<p>Esta semana en colaboraci\u00f3n con A La Mesa\u00a0\u00a0de LA PRENSA, escrib\u00ed sobre mi viaje a Medell\u00edn, Colombia. Invitado por PROCOLOMBIA y el nuevo festival gastron\u00f3mico &hellip; <\/p>\n","protected":false},"author":2,"featured_media":2910,"comment_status":"open","ping_status":"open","sticky":false,"template":"","format":"image","meta":{"footnotes":""},"categories":[1],"tags":[],"class_list":["post-2906","post","type-post","status-publish","format-image","has-post-thumbnail","hentry","category-random","post_format-post-format-image"],"_links":{"self":[{"href":"https:\/\/jorgechanis.com\/elbuendiente\/wp-json\/wp\/v2\/posts\/2906","targetHints":{"allow":["GET"]}}],"collection":[{"href":"https:\/\/jorgechanis.com\/elbuendiente\/wp-json\/wp\/v2\/posts"}],"about":[{"href":"https:\/\/jorgechanis.com\/elbuendiente\/wp-json\/wp\/v2\/types\/post"}],"author":[{"embeddable":true,"href":"https:\/\/jorgechanis.com\/elbuendiente\/wp-json\/wp\/v2\/users\/2"}],"replies":[{"embeddable":true,"href":"https:\/\/jorgechanis.com\/elbuendiente\/wp-json\/wp\/v2\/comments?post=2906"}],"version-history":[{"count":3,"href":"https:\/\/jorgechanis.com\/elbuendiente\/wp-json\/wp\/v2\/posts\/2906\/revisions"}],"predecessor-version":[{"id":2913,"href":"https:\/\/jorgechanis.com\/elbuendiente\/wp-json\/wp\/v2\/posts\/2906\/revisions\/2913"}],"wp:featuredmedia":[{"embeddable":true,"href":"https:\/\/jorgechanis.com\/elbuendiente\/wp-json\/wp\/v2\/media\/2910"}],"wp:attachment":[{"href":"https:\/\/jorgechanis.com\/elbuendiente\/wp-json\/wp\/v2\/media?parent=2906"}],"wp:term":[{"taxonomy":"category","embeddable":true,"href":"https:\/\/jorgechanis.com\/elbuendiente\/wp-json\/wp\/v2\/categories?post=2906"},{"taxonomy":"post_tag","embeddable":true,"href":"https:\/\/jorgechanis.com\/elbuendiente\/wp-json\/wp\/v2\/tags?post=2906"}],"curies":[{"name":"wp","href":"https:\/\/api.w.org\/{rel}","templated":true}]}}