{"id":1547,"date":"2013-12-12T10:18:25","date_gmt":"2013-12-12T15:18:25","guid":{"rendered":"https:\/\/jorgechanis.com\/elbuendiente\/?p=1547"},"modified":"2013-12-12T10:21:10","modified_gmt":"2013-12-12T15:21:10","slug":"revista-agenda-dic-2013","status":"publish","type":"post","link":"https:\/\/jorgechanis.com\/elbuendiente\/revista-agenda-dic-2013\/","title":{"rendered":"REVISTA AGENDA &#8211; DIC 2013"},"content":{"rendered":"<p><a href=\"https:\/\/jorgechanis.com\/elbuendiente\/wp-content\/uploads\/sites\/2\/2013\/12\/Captura-de-pantalla-2013-12-12-a-las-10.20.01.png\"><br \/>\n<\/a>En la edici\u00f3n de diciembre de la revista <a href=\"http:\/\/www.agenda.com.pa\/#\/client\/template.xml?aaa=portfolio\/48252\" target=\"_blank\">Agenda<\/a>, podr\u00e1n leer la entrevista que me hicieron para el la secci\u00f3n &#8216;perfil&#8217;. Muchas preguntas y muchas respuestas.<\/p>\n<p>Gracias a Dominic R\u00edos por la entrevista \u00a0y como lo he dicho antes a Javier Sucre por las fotos y a Carolina Tart\u00e9 por ponerme listo para las c\u00e1maras.<\/p>\n<p><a href=\"https:\/\/jorgechanis.com\/elbuendiente\/wp-content\/uploads\/sites\/2\/2013\/12\/Captura-de-pantalla-2013-12-12-a-las-10.11.35.png\"><img loading=\"lazy\" decoding=\"async\" class=\"aligncenter size-full wp-image-1548\" alt=\"Captura de pantalla 2013-12-12 a la(s) 10.11.35\" src=\"https:\/\/jorgechanis.com\/elbuendiente\/wp-content\/uploads\/sites\/2\/2013\/12\/Captura-de-pantalla-2013-12-12-a-las-10.11.35-e1386861289384.png\" width=\"700\" height=\"430\" \/><\/a><\/p>\n<p style=\"text-align: center;\"><a href=\"https:\/\/jorgechanis.com\/elbuendiente\/wp-content\/uploads\/sites\/2\/2013\/12\/Captura-de-pantalla-2013-12-12-a-las-10.20.01.png\"><img loading=\"lazy\" decoding=\"async\" alt=\"Captura de pantalla 2013-12-12 a la(s) 10.20.01\" src=\"https:\/\/jorgechanis.com\/elbuendiente\/wp-content\/uploads\/sites\/2\/2013\/12\/Captura-de-pantalla-2013-12-12-a-las-10.20.01.png\" width=\"372\" height=\"455\" \/><\/a><\/p>\n<p>\u00a1Que disfruten!<\/p>\n<p>&nbsp;<\/p>\n<p>&nbsp;<\/p>\n","protected":false},"excerpt":{"rendered":"<p>En la edici\u00f3n de diciembre de la revista Agenda, podr\u00e1n leer la entrevista que me hicieron para el la secci\u00f3n &#8216;perfil&#8217;. Muchas preguntas y muchas &hellip; <\/p>\n","protected":false},"author":2,"featured_media":1548,"comment_status":"open","ping_status":"open","sticky":false,"template":"","format":"standard","meta":{"footnotes":""},"categories":[425],"tags":[427,403,347,27,428,426],"class_list":["post-1547","post","type-post","status-publish","format-standard","has-post-thumbnail","hentry","category-press","tag-agenda-magazine","tag-interview","tag-jorge-chanis","tag-panama","tag-perfil","tag-revista-agenda"],"_links":{"self":[{"href":"https:\/\/jorgechanis.com\/elbuendiente\/wp-json\/wp\/v2\/posts\/1547","targetHints":{"allow":["GET"]}}],"collection":[{"href":"https:\/\/jorgechanis.com\/elbuendiente\/wp-json\/wp\/v2\/posts"}],"about":[{"href":"https:\/\/jorgechanis.com\/elbuendiente\/wp-json\/wp\/v2\/types\/post"}],"author":[{"embeddable":true,"href":"https:\/\/jorgechanis.com\/elbuendiente\/wp-json\/wp\/v2\/users\/2"}],"replies":[{"embeddable":true,"href":"https:\/\/jorgechanis.com\/elbuendiente\/wp-json\/wp\/v2\/comments?post=1547"}],"version-history":[{"count":3,"href":"https:\/\/jorgechanis.com\/elbuendiente\/wp-json\/wp\/v2\/posts\/1547\/revisions"}],"predecessor-version":[{"id":1552,"href":"https:\/\/jorgechanis.com\/elbuendiente\/wp-json\/wp\/v2\/posts\/1547\/revisions\/1552"}],"wp:featuredmedia":[{"embeddable":true,"href":"https:\/\/jorgechanis.com\/elbuendiente\/wp-json\/wp\/v2\/media\/1548"}],"wp:attachment":[{"href":"https:\/\/jorgechanis.com\/elbuendiente\/wp-json\/wp\/v2\/media?parent=1547"}],"wp:term":[{"taxonomy":"category","embeddable":true,"href":"https:\/\/jorgechanis.com\/elbuendiente\/wp-json\/wp\/v2\/categories?post=1547"},{"taxonomy":"post_tag","embeddable":true,"href":"https:\/\/jorgechanis.com\/elbuendiente\/wp-json\/wp\/v2\/tags?post=1547"}],"curies":[{"name":"wp","href":"https:\/\/api.w.org\/{rel}","templated":true}]}}