{"id":1436,"date":"2013-10-27T19:46:12","date_gmt":"2013-10-28T00:46:12","guid":{"rendered":"https:\/\/jorgechanis.com\/elbuendiente\/?p=1436"},"modified":"2013-11-09T12:10:58","modified_gmt":"2013-11-09T17:10:58","slug":"10-con-la-chef-annie-paz","status":"publish","type":"post","link":"https:\/\/jorgechanis.com\/elbuendiente\/10-con-la-chef-annie-paz\/","title":{"rendered":"10 CON LA CHEF ANNIE PAZ"},"content":{"rendered":"<p>La chef \u00a0Annie Paz tiene much\u00edsimo tiempo a la cabeza de la secci\u00f3n de cocina del programa Ellas y Tu en el canal 2 todos los domingos. Ella ha sido tan amable de invitarme unas cuentas veces a cocinar con ella en la intimidad de su casa y he tenido la oportunidad de cocinar en su cocina\/oficina que es el sue\u00f1o de cualquiera que le gusta cocinar. Tiene espacio de sobra para hacer una fiesta al mismo tiempo que cocinas, con todas las herramientas, platos e ingredientes que te puedas imaginar.<\/p>\n<p>Esta semana le ped\u00ed el favor de responderme 10 de las 30 preguntas que tenemos en la &#8216;bolsa&#8217; y seguir celebrando la comida y sus protagonistas.<\/p>\n<p><a href=\"https:\/\/jorgechanis.com\/elbuendiente\/wp-content\/uploads\/sites\/2\/2013\/10\/Captura-de-pantalla-2013-10-29-a-las-13.16.38.png\"><img loading=\"lazy\" decoding=\"async\" class=\"aligncenter size-full wp-image-1449\" alt=\"Captura de pantalla 2013-10-29 a la(s) 13.16.38\" src=\"https:\/\/jorgechanis.com\/elbuendiente\/wp-content\/uploads\/sites\/2\/2013\/10\/Captura-de-pantalla-2013-10-29-a-las-13.16.38.png\" width=\"435\" height=\"444\" srcset=\"https:\/\/jorgechanis.com\/elbuendiente\/wp-content\/uploads\/sites\/2\/2013\/10\/Captura-de-pantalla-2013-10-29-a-las-13.16.38.png 435w, https:\/\/jorgechanis.com\/elbuendiente\/wp-content\/uploads\/sites\/2\/2013\/10\/Captura-de-pantalla-2013-10-29-a-las-13.16.38-293x300.png 293w, https:\/\/jorgechanis.com\/elbuendiente\/wp-content\/uploads\/sites\/2\/2013\/10\/Captura-de-pantalla-2013-10-29-a-las-13.16.38-60x60.png 60w\" sizes=\"auto, (max-width: 435px) 100vw, 435px\" \/><\/a><\/p>\n<p>Estas son las 10 preguntas que sacamos de la \u2018bolsa fija\u2019 para ella:<\/p>\n<p><strong>\u00bfTener o no tener ingredientes favoritos a la hora de cocinar?<\/strong> :\u00a0Si! El mio siempre forma parte de mis recetas! Es mi Toque!<\/p>\n<p><strong>El plato que m\u00e1s cocinas en tu casa<\/strong>: Pasta, diferentes formas\u00a0 y salsas<\/p>\n<p><strong>Un ingrediente<\/strong> : or\u00e9gano, or\u00e9gano y mucho or\u00e9gano! Seco o fresco! Como sea!<\/p>\n<p><strong>Un plato de comida<\/strong>:\u00a0chilaquiles con salsa cremosa de chipotle<\/p>\n<p><strong>Bebida alcoh\u00f3lica favorita<\/strong>:\u00a0obviamente la CHAMPA\u00d1A y me gusta con hielo<\/p>\n<p><strong>Lo que m\u00e1s te gusta de los restaurantes en Panam\u00e1:<\/strong>\u00a0la variedad de tipos de comida que puedes encontrar<\/p>\n<p><strong>Lo que menos te gusta de los restaurantes de Panam\u00e1:<\/strong>\u00a0deber\u00edan variar las cartas mas a menudo.<\/p>\n<p><strong>El pa\u00eds con los mejores ingredientee:<\/strong>\u00a0Italia<\/p>\n<p><strong>Relaci\u00f3n originalidad\/precio en los restaurantes de Panam\u00e1:\u00a0<\/strong>Para mi los mas caros no necesariamente son los mas originales ni los mejores!<\/p>\n<p><strong>\u00bfHay algo que no te haya preguntado que deb\u00ed preguntarte?:<\/strong>\u00a0Si! Que me gusta mas salado o dulce. \u00a1Es el dulce!<\/p>\n<p>\u00a1Que disfruten!<\/p>\n","protected":false},"excerpt":{"rendered":"<p>La chef \u00a0Annie Paz tiene much\u00edsimo tiempo a la cabeza de la secci\u00f3n de cocina del programa Ellas y Tu en el canal 2 todos &hellip; <\/p>\n","protected":false},"author":2,"featured_media":1449,"comment_status":"open","ping_status":"open","sticky":false,"template":"","format":"standard","meta":{"footnotes":""},"categories":[373],"tags":[401,319,711,402,374,241,346,403,27],"class_list":["post-1436","post","type-post","status-publish","format-standard","has-post-thumbnail","hentry","category-entrevistas","tag-anni-paz","tag-blogger","tag-chef","tag-ella-y-tu","tag-entrevista","tag-food","tag-foodie","tag-interview","tag-panama"],"_links":{"self":[{"href":"https:\/\/jorgechanis.com\/elbuendiente\/wp-json\/wp\/v2\/posts\/1436","targetHints":{"allow":["GET"]}}],"collection":[{"href":"https:\/\/jorgechanis.com\/elbuendiente\/wp-json\/wp\/v2\/posts"}],"about":[{"href":"https:\/\/jorgechanis.com\/elbuendiente\/wp-json\/wp\/v2\/types\/post"}],"author":[{"embeddable":true,"href":"https:\/\/jorgechanis.com\/elbuendiente\/wp-json\/wp\/v2\/users\/2"}],"replies":[{"embeddable":true,"href":"https:\/\/jorgechanis.com\/elbuendiente\/wp-json\/wp\/v2\/comments?post=1436"}],"version-history":[{"count":5,"href":"https:\/\/jorgechanis.com\/elbuendiente\/wp-json\/wp\/v2\/posts\/1436\/revisions"}],"predecessor-version":[{"id":1452,"href":"https:\/\/jorgechanis.com\/elbuendiente\/wp-json\/wp\/v2\/posts\/1436\/revisions\/1452"}],"wp:featuredmedia":[{"embeddable":true,"href":"https:\/\/jorgechanis.com\/elbuendiente\/wp-json\/wp\/v2\/media\/1449"}],"wp:attachment":[{"href":"https:\/\/jorgechanis.com\/elbuendiente\/wp-json\/wp\/v2\/media?parent=1436"}],"wp:term":[{"taxonomy":"category","embeddable":true,"href":"https:\/\/jorgechanis.com\/elbuendiente\/wp-json\/wp\/v2\/categories?post=1436"},{"taxonomy":"post_tag","embeddable":true,"href":"https:\/\/jorgechanis.com\/elbuendiente\/wp-json\/wp\/v2\/tags?post=1436"}],"curies":[{"name":"wp","href":"https:\/\/api.w.org\/{rel}","templated":true}]}}